{"id":733,"date":"2025-04-20T15:33:16","date_gmt":"2025-04-20T15:33:16","guid":{"rendered":"https:\/\/www.amssa.mr\/?p=733"},"modified":"2025-05-19T21:36:26","modified_gmt":"2025-05-19T21:36:26","slug":"le-directeur-general-de-lagence-mauritanienne-de-securite-sanitaire-des-aliments-participe-a-la-semaine-de-lalimentation-doman","status":"publish","type":"post","link":"https:\/\/www.amssa.mr\/?p=733","title":{"rendered":"Le Directeur G\u00e9n\u00e9ral de l\u2019Agence Mauritanienne de S\u00e9curit\u00e9 Sanitaire des Aliments participe \u00e0 la Semaine de l\u2019alimentation d\u2019Oman"},"content":{"rendered":"\r\n<pre id=\"tw-target-text\" class=\"wp-block-preformatted has-white-background-color has-background has-medium-font-size\">Le directeur g\u00e9n\u00e9ral de l'Agence Mauritanienne de S\u00e9curit\u00e9 Sanitaire des Aliments, Mohamed El Hassan Ould Breka, a quitt\u00e9 hier matin Nouakchott pour le Sultanat d'Oman pour repr\u00e9senter la Mauritanie \u00e0 la Semaine de la s\u00e9curit\u00e9 sanitaire des aliments, qui se tiendra dans la capitale, Mascate, du 20 au 26 avril 2025.<\/pre>\r\n\r\n\r\n\r\n<pre id=\"tw-target-text\" class=\"wp-block-preformatted has-white-background-color has-background has-medium-font-size\">La semaine se d\u00e9roule dans le cadre de la 7e Conf\u00e9rence internationale d'Oman sur la s\u00e9curit\u00e9 et la qualit\u00e9 des aliments, qui se tient au Centre des congr\u00e8s et des expositions d'Oman, avec la participation d'un certain nombre d'experts et d'organismes internationaux comp\u00e9tents.<\/pre>\r\n\r\n\r\n\r\n<pre id=\"tw-target-text\" class=\"wp-block-preformatted has-white-background-color has-background has-medium-font-size\">Cette participation s'inscrit dans le cadre des efforts de la Mauritanie visant \u00e0 renforcer sa pr\u00e9sence dans les manifestations internationales sp\u00e9cialis\u00e9es et \u00e0 \u00e9changer des expertises dans le domaine de la s\u00e9curit\u00e9 et de la qualit\u00e9 des aliments, au service du d\u00e9veloppement de ce secteur vital aux niveaux national et international.<\/pre>\r\n\r\n\r\n\r\n<pre id=\"tw-target-rmn\" class=\"wp-block-preformatted\">\u00a0<\/pre>\r\n\r\n\r\n\r\n<p>&nbsp;<\/p>\r\n","protected":false},"excerpt":{"rendered":"<p>Le directeur g\u00e9n\u00e9ral de l&rsquo;Agence Mauritanienne de S\u00e9curit\u00e9 Sanitaire des Aliments, Mohamed El Hassan Ould Breka, a quitt\u00e9 hier matin Nouakchott pour le Sultanat d&rsquo;Oman pour repr\u00e9senter la Mauritanie \u00e0&hellip; <\/p>\n","protected":false},"author":1,"featured_media":734,"comment_status":"open","ping_status":"open","sticky":false,"template":"","format":"standard","meta":{"footnotes":""},"categories":[5],"tags":[],"class_list":["post-733","post","type-post","status-publish","format-standard","has-post-thumbnail","hentry","category-actualites"],"_links":{"self":[{"href":"https:\/\/www.amssa.mr\/index.php?rest_route=\/wp\/v2\/posts\/733","targetHints":{"allow":["GET"]}}],"collection":[{"href":"https:\/\/www.amssa.mr\/index.php?rest_route=\/wp\/v2\/posts"}],"about":[{"href":"https:\/\/www.amssa.mr\/index.php?rest_route=\/wp\/v2\/types\/post"}],"author":[{"embeddable":true,"href":"https:\/\/www.amssa.mr\/index.php?rest_route=\/wp\/v2\/users\/1"}],"replies":[{"embeddable":true,"href":"https:\/\/www.amssa.mr\/index.php?rest_route=%2Fwp%2Fv2%2Fcomments&post=733"}],"version-history":[{"count":5,"href":"https:\/\/www.amssa.mr\/index.php?rest_route=\/wp\/v2\/posts\/733\/revisions"}],"predecessor-version":[{"id":965,"href":"https:\/\/www.amssa.mr\/index.php?rest_route=\/wp\/v2\/posts\/733\/revisions\/965"}],"wp:featuredmedia":[{"embeddable":true,"href":"https:\/\/www.amssa.mr\/index.php?rest_route=\/wp\/v2\/media\/734"}],"wp:attachment":[{"href":"https:\/\/www.amssa.mr\/index.php?rest_route=%2Fwp%2Fv2%2Fmedia&parent=733"}],"wp:term":[{"taxonomy":"category","embeddable":true,"href":"https:\/\/www.amssa.mr\/index.php?rest_route=%2Fwp%2Fv2%2Fcategories&post=733"},{"taxonomy":"post_tag","embeddable":true,"href":"https:\/\/www.amssa.mr\/index.php?rest_route=%2Fwp%2Fv2%2Ftags&post=733"}],"curies":[{"name":"wp","href":"https:\/\/api.w.org\/{rel}","templated":true}]}}