{"id":1429,"date":"2026-02-26T19:59:39","date_gmt":"2026-02-26T19:59:39","guid":{"rendered":"https:\/\/www.amssa.mr\/?p=1429"},"modified":"2026-02-26T19:59:39","modified_gmt":"2026-02-26T19:59:39","slug":"wilaya-de-nouakchott-nord-exposition-lekbeid","status":"publish","type":"post","link":"https:\/\/www.amssa.mr\/?p=1429","title":{"rendered":"Wilaya de Nouakchott Nord \u2013 Exposition Lekbeid"},"content":{"rendered":"<div class=\"relative basis-auto flex-col -mb-(--composer-overlap-px) [--composer-overlap-px:28px] grow flex\">\n<div class=\"flex flex-col text-sm pb-25\">\n<article class=\"text-token-text-primary w-full focus:outline-none [--shadow-height:45px] has-data-writing-block:pointer-events-none has-data-writing-block:-mt-(--shadow-height) has-data-writing-block:pt-(--shadow-height) [&amp;:has([data-writing-block])&gt;*]:pointer-events-auto scroll-mt-[calc(var(--header-height)+min(200px,max(70px,20svh)))]\" dir=\"auto\" data-turn-id=\"request-WEB:8dac12ab-0b9a-4983-a161-0e8ecc96ce16-19\" data-testid=\"conversation-turn-4\" data-scroll-anchor=\"true\" data-turn=\"assistant\">\n<div class=\"text-base my-auto mx-auto pb-10 [--thread-content-margin:--spacing(4)] @w-sm\/main:[--thread-content-margin:--spacing(6)] @w-lg\/main:[--thread-content-margin:--spacing(16)] px-(--thread-content-margin)\">\n<div class=\"[--thread-content-max-width:40rem] @w-lg\/main:[--thread-content-max-width:48rem] mx-auto max-w-(--thread-content-max-width) flex-1 group\/turn-messages focus-visible:outline-hidden relative flex w-full min-w-0 flex-col agent-turn\">\n<div class=\"flex max-w-full flex-col grow\">\n<div class=\"min-h-8 text-message relative flex w-full flex-col items-end gap-2 text-start break-words whitespace-normal [.text-message+&amp;]:mt-1\" dir=\"auto\" data-message-author-role=\"assistant\" data-message-id=\"6b5ba677-ffee-48a2-acb4-630ec00a3e71\" data-message-model-slug=\"gpt-5-2\">\n<div class=\"flex w-full flex-col gap-1 empty:hidden first:pt-[1px]\">\n<div class=\"markdown prose dark:prose-invert w-full wrap-break-word light markdown-new-styling\">\n<p data-start=\"93\" data-end=\"502\">Les \u00e9quipes de l\u2019Agence mauritanienne de s\u00e9curit\u00e9 sanitaire des aliments ont effectu\u00e9 aujourd\u2019hui une visite de terrain au salon <em data-start=\"222\" data-end=\"231\">Lekbeid<\/em>, situ\u00e9 dans la moughataa de Dar-Naim dans la wilaya de Nouakchott-Nord, dans le cadre de leur programme continu de suivi des march\u00e9s et des expositions organis\u00e9s durant le Ramadan, et afin de s\u2019assurer de la salubrit\u00e9 des produits alimentaires qui y sont commercialis\u00e9s.<\/p>\n<p data-start=\"504\" data-end=\"804\">Cette visite s\u2019inscrit dans le cadre du r\u00f4le de contr\u00f4le exerc\u00e9 par l\u2019Agence, visant \u00e0 prot\u00e9ger le consommateur et \u00e0 garantir la disponibilit\u00e9 de denr\u00e9es alimentaires r\u00e9pondant aux normes sanitaires requises. Au cours de cette mission, les \u00e9quipes ont r\u00e9alis\u00e9 des inspections d\u00e9taill\u00e9es portant sur :<\/p>\n<ul data-start=\"806\" data-end=\"1239\">\n<li data-start=\"806\" data-end=\"889\">\n<p data-start=\"808\" data-end=\"889\">l\u2019examen des conditions de stockage et de conservation dans les points de vente ;<\/p>\n<\/li>\n<li data-start=\"890\" data-end=\"989\">\n<p data-start=\"892\" data-end=\"989\">l\u2019\u00e9valuation des m\u00e9thodes d\u2019exposition des produits et leur conformit\u00e9 aux exigences sanitaires ;<\/p>\n<\/li>\n<li data-start=\"990\" data-end=\"1099\">\n<p data-start=\"992\" data-end=\"1099\">le contr\u00f4le de la qualit\u00e9 et de la s\u00e9curit\u00e9 des denr\u00e9es expos\u00e9es, en particulier des produits p\u00e9rissables ;<\/p>\n<\/li>\n<li data-start=\"1100\" data-end=\"1239\">\n<p data-start=\"1102\" data-end=\"1239\">la v\u00e9rification de la propret\u00e9 de l\u2019environnement, des \u00e9quipements d\u2019exposition et des outils utilis\u00e9s pour la manipulation des aliments.<\/p>\n<\/li>\n<\/ul>\n<p data-start=\"1241\" data-end=\"1622\">Les \u00e9quipes de l\u2019Agence ont \u00e9galement donn\u00e9 des conseils directs aux commer\u00e7ants et aux exposants concernant l\u2019am\u00e9lioration des pratiques de manipulation et de conservation, ainsi que le respect des directives sanitaires, notamment pendant le mois de Ramadan, p\u00e9riode marqu\u00e9e par une forte fr\u00e9quentation des march\u00e9s et une augmentation du volume des produits alimentaires propos\u00e9s.<\/p>\n<p data-start=\"1624\" data-end=\"1970\">L\u2019Agence mauritanienne de s\u00e9curit\u00e9 sanitaire des aliments a soulign\u00e9 que ces visites de terrain visent \u00e0 r\u00e9duire les risques sanitaires pouvant d\u00e9couler de produits non conformes. Elles s\u2019inscrivent dans une strat\u00e9gie globale destin\u00e9e \u00e0 renforcer la culture de la s\u00e9curit\u00e9 alimentaire et \u00e0 am\u00e9liorer le niveau de conformit\u00e9 aux normes nationales.<\/p>\n<p data-start=\"1972\" data-end=\"2270\" data-is-last-node=\"\" data-is-only-node=\"\">Elle a \u00e9galement r\u00e9affirm\u00e9 la poursuite des op\u00e9rations quotidiennes d\u2019inspection et de suivi durant cette p\u00e9riode, en coordination avec les diff\u00e9rents partenaires, afin de garantir la disponibilit\u00e9 de produits alimentaires sains et s\u00fbrs pour les citoyens dans l\u2019ensemble des march\u00e9s et expositions.<\/p>\n<\/div>\n<\/div>\n<\/div>\n<\/div>\n<div class=\"z-0 flex min-h-[46px] justify-start\"><\/div>\n<div class=\"mt-3 w-full empty:hidden\">\n<div class=\"text-center\"><\/div>\n<\/div>\n<\/div>\n<\/div>\n<\/article>\n<\/div>\n<div class=\"pointer-events-none h-px w-px absolute bottom-0\" aria-hidden=\"true\" data-edge=\"true\"><\/div>\n<\/div>\n<div id=\"thread-bottom-container\" class=\"sticky bottom-0 group\/thread-bottom-container relative isolate z-10 w-full basis-auto has-data-has-thread-error:pt-2 has-data-has-thread-error:[box-shadow:var(--sharp-edge-bottom-shadow)] md:border-transparent md:pt-0 dark:border-white\/20 md:dark:border-transparent print:hidden content-fade single-line flex flex-col\">\n<div class=\"relative h-0\">\n<div><\/div>\n<\/div>\n<div id=\"thread-bottom\">\n<div class=\"text-base mx-auto [--thread-content-margin:--spacing(4)] @w-sm\/main:[--thread-content-margin:--spacing(6)] @w-lg\/main:[--thread-content-margin:--spacing(16)] px-(--thread-content-margin)\">\n<div class=\"[--thread-content-max-width:40rem] @w-lg\/main:[--thread-content-max-width:48rem] mx-auto max-w-(--thread-content-max-width) flex-1 mb-4\">\n<div class=\"flex justify-center empty:hidden\"><\/div>\n<div class=\"pointer-events-auto relative z-1 flex h-(--composer-container-height,100%) max-w-full flex-(--composer-container-flex,1) flex-col\">\n<div class=\"absolute start-0 end-0 bottom-full z-20\"><\/div>\n<div class=\"hidden\"><\/div>\n<div class=\"\">\n<div class=\"bg-token-bg-primary corner-superellipse\/1.1 cursor-text overflow-clip bg-clip-padding p-2.5 contain-inline-size motion-safe:transition-colors motion-safe:duration-200 motion-safe:ease-in-out dark:bg-[#303030] grid grid-cols-[auto_1fr_auto] [grid-template-areas:'header_header_header'_'leading_primary_trailing'_'._footer_.'] group-data-expanded\/composer:[grid-template-areas:'header_header_header'_'primary_primary_primary'_'leading_footer_trailing'] shadow-short\" data-composer-surface=\"true\">\n<div class=\"-my-2.5 flex min-h-14 items-center overflow-x-hidden px-1.5 [grid-area:primary] group-data-expanded\/composer:mb-0 group-data-expanded\/composer:px-2.5\">\n<div class=\"wcDTda_prosemirror-parent text-token-text-primary max-h-[max(30svh,5rem)] max-h-52 min-h-[var(--deep-research-composer-extra-height,unset)] flex-1 overflow-auto [scrollbar-width:thin] default-browser vertical-scroll-fade-mask\">\n<p><textarea class=\"wcDTda_fallbackTextarea\" name=\"prompt-textarea\" data-virtualkeyboard=\"true\"><\/textarea><\/p>\n<div id=\"prompt-textarea\" class=\"ProseMirror\" data-virtualkeyboard=\"true\"><\/div>\n<\/div>\n<\/div>\n<div class=\"[grid-area:leading]\"><\/div>\n<div class=\"flex items-center gap-2 [grid-area:trailing]\">\n<div class=\"ms-auto flex items-center gap-1.5\">\n<p>&nbsp;<\/p>\n<div>\n<div>\n<div class=\"relative\"><\/div>\n<\/div>\n<\/div>\n<\/div>\n<\/div>\n<\/div>\n<\/div>\n<\/div>\n<\/div>\n<\/div>\n<\/div>\n<\/div>\n","protected":false},"excerpt":{"rendered":"<p>Les \u00e9quipes de l\u2019Agence mauritanienne de s\u00e9curit\u00e9 sanitaire des aliments ont effectu\u00e9 aujourd\u2019hui une visite de terrain au salon Lekbeid, situ\u00e9 dans la moughataa de Dar-Naim dans la wilaya de&hellip; <\/p>\n","protected":false},"author":3,"featured_media":1432,"comment_status":"open","ping_status":"open","sticky":false,"template":"","format":"standard","meta":{"footnotes":""},"categories":[5],"tags":[],"class_list":["post-1429","post","type-post","status-publish","format-standard","has-post-thumbnail","hentry","category-actualites"],"_links":{"self":[{"href":"https:\/\/www.amssa.mr\/index.php?rest_route=\/wp\/v2\/posts\/1429","targetHints":{"allow":["GET"]}}],"collection":[{"href":"https:\/\/www.amssa.mr\/index.php?rest_route=\/wp\/v2\/posts"}],"about":[{"href":"https:\/\/www.amssa.mr\/index.php?rest_route=\/wp\/v2\/types\/post"}],"author":[{"embeddable":true,"href":"https:\/\/www.amssa.mr\/index.php?rest_route=\/wp\/v2\/users\/3"}],"replies":[{"embeddable":true,"href":"https:\/\/www.amssa.mr\/index.php?rest_route=%2Fwp%2Fv2%2Fcomments&post=1429"}],"version-history":[{"count":1,"href":"https:\/\/www.amssa.mr\/index.php?rest_route=\/wp\/v2\/posts\/1429\/revisions"}],"predecessor-version":[{"id":1433,"href":"https:\/\/www.amssa.mr\/index.php?rest_route=\/wp\/v2\/posts\/1429\/revisions\/1433"}],"wp:featuredmedia":[{"embeddable":true,"href":"https:\/\/www.amssa.mr\/index.php?rest_route=\/wp\/v2\/media\/1432"}],"wp:attachment":[{"href":"https:\/\/www.amssa.mr\/index.php?rest_route=%2Fwp%2Fv2%2Fmedia&parent=1429"}],"wp:term":[{"taxonomy":"category","embeddable":true,"href":"https:\/\/www.amssa.mr\/index.php?rest_route=%2Fwp%2Fv2%2Fcategories&post=1429"},{"taxonomy":"post_tag","embeddable":true,"href":"https:\/\/www.amssa.mr\/index.php?rest_route=%2Fwp%2Fv2%2Ftags&post=1429"}],"curies":[{"name":"wp","href":"https:\/\/api.w.org\/{rel}","templated":true}]}}