{"id":1390,"date":"2026-02-07T23:49:32","date_gmt":"2026-02-07T23:49:32","guid":{"rendered":"https:\/\/www.amssa.mr\/?p=1390"},"modified":"2026-02-07T23:49:41","modified_gmt":"2026-02-07T23:49:41","slug":"renforcement-du-partenariat-entre-le-ministere-du-commerce-et-du-tourisme-et-le-programme-alimentaire-mondial-a-travers-la-remise-dun-nouveau-vehicule-a-lagence-mauritanienne-de-secu","status":"publish","type":"post","link":"https:\/\/www.amssa.mr\/?p=1390","title":{"rendered":"Renforcement du partenariat entre le Minist\u00e8re du Commerce et du Tourisme et le Programme Alimentaire Mondial \u00e0 travers la remise d\u2019un nouveau v\u00e9hicule \u00e0 l\u2019Agence Mauritanienne de S\u00e9curit\u00e9 Sanitaire des Aliments"},"content":{"rendered":"<p data-start=\"261\" data-end=\"605\">Dans le cadre de la mise en \u0153uvre de l\u2019accord sign\u00e9 entre Madame la Ministre du Commerce et du Tourisme, <strong data-start=\"366\" data-end=\"392\">Zeinabou Mint Ahmednah<\/strong>, et le Programme Alimentaire Mondial (PAM), une voiture tout-terrain de type <strong data-start=\"470\" data-end=\"500\">Toyota Prado \u2013 mod\u00e8le 2019<\/strong> a \u00e9t\u00e9 remise aujourd\u2019hui au profit de l\u2019Agence Mauritanienne de S\u00e9curit\u00e9 Sanitaire des Aliments (AMSSA).<\/p>\n<p data-start=\"607\" data-end=\"990\">La c\u00e9r\u00e9monie de remise a \u00e9t\u00e9 supervis\u00e9e par le Secr\u00e9taire g\u00e9n\u00e9ral du Minist\u00e8re du Commerce et du Tourisme, <strong data-start=\"714\" data-end=\"740\">M. Yahya Boub El Taleb<\/strong>, tandis que le v\u00e9hicule a \u00e9t\u00e9 re\u00e7u par le Directeur g\u00e9n\u00e9ral de l\u2019Agence, <strong data-start=\"814\" data-end=\"855\">M. Mohamed Ould El Hassan Ould Braika<\/strong>, lors d\u2019un \u00e9v\u00e9nement refl\u00e9tant l\u2019esprit de coop\u00e9ration et de partenariat actif entre le minist\u00e8re et le Programme Alimentaire Mondial.<\/p>\n<p data-start=\"992\" data-end=\"1318\">L\u2019Agence a exprim\u00e9 sa gratitude et ses remerciements au Programme Alimentaire Mondial pour ce soutien pr\u00e9cieux, qui t\u00e9moigne de son engagement continu \u00e0 accompagner les efforts nationaux visant \u00e0 renforcer le syst\u00e8me de s\u00e9curit\u00e9 sanitaire des aliments et \u00e0 d\u00e9velopper l\u2019action institutionnelle au service de l\u2019int\u00e9r\u00eat g\u00e9n\u00e9ral.<\/p>\n","protected":false},"excerpt":{"rendered":"<p>Dans le cadre de la mise en \u0153uvre de l\u2019accord sign\u00e9 entre Madame la Ministre du Commerce et du Tourisme, Zeinabou Mint Ahmednah, et le Programme Alimentaire Mondial (PAM), une&hellip; <\/p>\n","protected":false},"author":3,"featured_media":1391,"comment_status":"open","ping_status":"open","sticky":false,"template":"","format":"standard","meta":{"footnotes":""},"categories":[5],"tags":[],"class_list":["post-1390","post","type-post","status-publish","format-standard","has-post-thumbnail","hentry","category-actualites"],"_links":{"self":[{"href":"https:\/\/www.amssa.mr\/index.php?rest_route=\/wp\/v2\/posts\/1390","targetHints":{"allow":["GET"]}}],"collection":[{"href":"https:\/\/www.amssa.mr\/index.php?rest_route=\/wp\/v2\/posts"}],"about":[{"href":"https:\/\/www.amssa.mr\/index.php?rest_route=\/wp\/v2\/types\/post"}],"author":[{"embeddable":true,"href":"https:\/\/www.amssa.mr\/index.php?rest_route=\/wp\/v2\/users\/3"}],"replies":[{"embeddable":true,"href":"https:\/\/www.amssa.mr\/index.php?rest_route=%2Fwp%2Fv2%2Fcomments&post=1390"}],"version-history":[{"count":1,"href":"https:\/\/www.amssa.mr\/index.php?rest_route=\/wp\/v2\/posts\/1390\/revisions"}],"predecessor-version":[{"id":1392,"href":"https:\/\/www.amssa.mr\/index.php?rest_route=\/wp\/v2\/posts\/1390\/revisions\/1392"}],"wp:featuredmedia":[{"embeddable":true,"href":"https:\/\/www.amssa.mr\/index.php?rest_route=\/wp\/v2\/media\/1391"}],"wp:attachment":[{"href":"https:\/\/www.amssa.mr\/index.php?rest_route=%2Fwp%2Fv2%2Fmedia&parent=1390"}],"wp:term":[{"taxonomy":"category","embeddable":true,"href":"https:\/\/www.amssa.mr\/index.php?rest_route=%2Fwp%2Fv2%2Fcategories&post=1390"},{"taxonomy":"post_tag","embeddable":true,"href":"https:\/\/www.amssa.mr\/index.php?rest_route=%2Fwp%2Fv2%2Ftags&post=1390"}],"curies":[{"name":"wp","href":"https:\/\/api.w.org\/{rel}","templated":true}]}}