{"id":1370,"date":"2025-12-11T13:27:57","date_gmt":"2025-12-11T13:27:57","guid":{"rendered":"https:\/\/www.amssa.mr\/?p=1370"},"modified":"2025-12-11T13:27:57","modified_gmt":"2025-12-11T13:27:57","slug":"la-mauritanie-participe-a-food-africa-representee-par-lamssa","status":"publish","type":"post","link":"https:\/\/www.amssa.mr\/?p=1370","title":{"rendered":"La Mauritanie participe \u00e0 Food Africa repr\u00e9sent\u00e9e par l\u2019AMSSA"},"content":{"rendered":"<p data-start=\"184\" data-end=\"796\">La Mauritanie prend part \u00e0 <strong data-start=\"211\" data-end=\"231\">Food Africa 2025<\/strong>, repr\u00e9sent\u00e9e par <strong data-start=\"249\" data-end=\"318\">l\u2019Agence Mauritanienne de S\u00e9curit\u00e9 Sanitaire des Aliments (AMSSA)<\/strong>, \u00e0 travers la pr\u00e9sence de <strong data-start=\"345\" data-end=\"376\">M. Mohamed El Hassen BRAIKA<\/strong>, Directeur G\u00e9n\u00e9ral.<br data-start=\"396\" data-end=\"399\" \/>Cette participation fait suite \u00e0 une invitation officielle \u00e0 assister aux sessions scientifiques et strat\u00e9giques visant \u00e0 renforcer la coop\u00e9ration r\u00e9glementaire entre les autorit\u00e9s africaines responsables de la s\u00e9curit\u00e9 sanitaire des aliments.<br data-start=\"642\" data-end=\"645\" \/>L\u2019\u00e9v\u00e9nement se tient au <strong data-start=\"669\" data-end=\"678\">Caire<\/strong> les <strong data-start=\"683\" data-end=\"709\">10 et 11 d\u00e9cembre 2025<\/strong>, avec la participation d\u2019experts et de responsables venus de plusieurs pays africains.<\/p>\n<h3 data-start=\"798\" data-end=\"877\"><strong data-start=\"802\" data-end=\"877\">Renforcer la coop\u00e9ration africaine et am\u00e9liorer la s\u00e9curit\u00e9 alimentaire<\/strong><\/h3>\n<p data-start=\"879\" data-end=\"1526\">Cette participation illustre l\u2019engagement de la Mauritanie \u00e0 soutenir la coop\u00e9ration r\u00e9gionale et \u00e0 promouvoir l\u2019int\u00e9gration africaine dans le domaine de la s\u00e9curit\u00e9 sanitaire des aliments, contribuant ainsi \u00e0 la protection des consommateurs et \u00e0 l\u2019am\u00e9lioration de la qualit\u00e9 des produits alimentaires sur les march\u00e9s du continent.<br data-start=\"1210\" data-end=\"1213\" \/>\u00c0 travers la pr\u00e9sence de son Directeur G\u00e9n\u00e9ral, l\u2019AMSSA vise \u00e9galement \u00e0 renforcer la coordination entre les autorit\u00e9s africaines et \u00e0 d\u00e9velopper des m\u00e9canismes de travail commun au sein du <strong data-start=\"1403\" data-end=\"1469\">Forum Africain des Autorit\u00e9s de R\u00e9gulation Alimentaire (AFRAF)<\/strong>, afin d\u2019assurer un syst\u00e8me africain harmonis\u00e9 et fiable.<\/p>\n<h3 data-start=\"1528\" data-end=\"1579\"><strong data-start=\"1532\" data-end=\"1579\">Axes de discussion lors de Food Africa 2025<\/strong><\/h3>\n<p data-start=\"1581\" data-end=\"1667\">Les sessions de l\u2019\u00e9v\u00e9nement abordent plusieurs th\u00e9matiques strat\u00e9giques, notamment :<\/p>\n<ul data-start=\"1669\" data-end=\"2163\">\n<li data-start=\"1669\" data-end=\"1743\">\n<p data-start=\"1671\" data-end=\"1743\">D\u00e9veloppement des l\u00e9gislations et proc\u00e9dures de contr\u00f4le alimentaire ;<\/p>\n<\/li>\n<li data-start=\"1744\" data-end=\"1827\">\n<p data-start=\"1746\" data-end=\"1827\">Promotion d\u2019une prise de d\u00e9cision bas\u00e9e sur des preuves scientifiques fiables ;<\/p>\n<\/li>\n<li data-start=\"1828\" data-end=\"1889\">\n<p data-start=\"1830\" data-end=\"1889\">Soutien \u00e0 l\u2019innovation dans l\u2019industrie agroalimentaire ;<\/p>\n<\/li>\n<li data-start=\"1890\" data-end=\"1966\">\n<p data-start=\"1892\" data-end=\"1966\">Am\u00e9lioration de la qualit\u00e9 et de la s\u00e9curit\u00e9 des produits alimentaires ;<\/p>\n<\/li>\n<li data-start=\"1967\" data-end=\"2067\">\n<p data-start=\"1969\" data-end=\"2067\">Renforcement des capacit\u00e9s des autorit\u00e9s nationales et efficacit\u00e9 de la r\u00e9gulation des march\u00e9s ;<\/p>\n<\/li>\n<li data-start=\"2068\" data-end=\"2163\">\n<p data-start=\"2070\" data-end=\"2163\">Consolidation de l\u2019int\u00e9gration africaine pour garantir un syst\u00e8me alimentaire s\u00fbr et durable.<\/p>\n<\/li>\n<\/ul>\n<h3 data-start=\"2165\" data-end=\"2210\"><strong data-start=\"2169\" data-end=\"2210\">Confirmation de l\u2019engagement national<\/strong><\/h3>\n<p data-start=\"2212\" data-end=\"2534\">\u00c0 travers cette participation, l\u2019AMSSA r\u00e9affirme l\u2019engagement de la Mauritanie \u00e0 d\u00e9velopper son syst\u00e8me national de s\u00e9curit\u00e9 sanitaire des aliments, \u00e0 moderniser ses dispositifs de contr\u00f4le et \u00e0 renforcer sa coop\u00e9ration africaine et internationale afin de garantir un aliment s\u00fbr et de qualit\u00e9 pour tous les consommateurs.<\/p>\n<p data-start=\"2212\" data-end=\"2534\">\n<p data-start=\"2212\" data-end=\"2534\"><img fetchpriority=\"high\" decoding=\"async\" class=\"alignnone size-medium wp-image-1371\" src=\"https:\/\/www.amssa.mr\/wp-content\/uploads\/2025\/12\/fb2-300x243.jpg\" alt=\"\" width=\"300\" height=\"243\" srcset=\"https:\/\/www.amssa.mr\/wp-content\/uploads\/2025\/12\/fb2-300x243.jpg 300w, https:\/\/www.amssa.mr\/wp-content\/uploads\/2025\/12\/fb2-768x622.jpg 768w, https:\/\/www.amssa.mr\/wp-content\/uploads\/2025\/12\/fb2.jpg 957w\" sizes=\"(max-width: 300px) 100vw, 300px\" \/><\/p>\n","protected":false},"excerpt":{"rendered":"<p>La Mauritanie prend part \u00e0 Food Africa 2025, repr\u00e9sent\u00e9e par l\u2019Agence Mauritanienne de S\u00e9curit\u00e9 Sanitaire des Aliments (AMSSA), \u00e0 travers la pr\u00e9sence de M. Mohamed El Hassen BRAIKA, Directeur G\u00e9n\u00e9ral.Cette&hellip; <\/p>\n","protected":false},"author":3,"featured_media":1372,"comment_status":"open","ping_status":"open","sticky":false,"template":"","format":"standard","meta":{"footnotes":""},"categories":[5],"tags":[],"class_list":["post-1370","post","type-post","status-publish","format-standard","has-post-thumbnail","hentry","category-actualites"],"_links":{"self":[{"href":"https:\/\/www.amssa.mr\/index.php?rest_route=\/wp\/v2\/posts\/1370","targetHints":{"allow":["GET"]}}],"collection":[{"href":"https:\/\/www.amssa.mr\/index.php?rest_route=\/wp\/v2\/posts"}],"about":[{"href":"https:\/\/www.amssa.mr\/index.php?rest_route=\/wp\/v2\/types\/post"}],"author":[{"embeddable":true,"href":"https:\/\/www.amssa.mr\/index.php?rest_route=\/wp\/v2\/users\/3"}],"replies":[{"embeddable":true,"href":"https:\/\/www.amssa.mr\/index.php?rest_route=%2Fwp%2Fv2%2Fcomments&post=1370"}],"version-history":[{"count":1,"href":"https:\/\/www.amssa.mr\/index.php?rest_route=\/wp\/v2\/posts\/1370\/revisions"}],"predecessor-version":[{"id":1373,"href":"https:\/\/www.amssa.mr\/index.php?rest_route=\/wp\/v2\/posts\/1370\/revisions\/1373"}],"wp:featuredmedia":[{"embeddable":true,"href":"https:\/\/www.amssa.mr\/index.php?rest_route=\/wp\/v2\/media\/1372"}],"wp:attachment":[{"href":"https:\/\/www.amssa.mr\/index.php?rest_route=%2Fwp%2Fv2%2Fmedia&parent=1370"}],"wp:term":[{"taxonomy":"category","embeddable":true,"href":"https:\/\/www.amssa.mr\/index.php?rest_route=%2Fwp%2Fv2%2Fcategories&post=1370"},{"taxonomy":"post_tag","embeddable":true,"href":"https:\/\/www.amssa.mr\/index.php?rest_route=%2Fwp%2Fv2%2Ftags&post=1370"}],"curies":[{"name":"wp","href":"https:\/\/api.w.org\/{rel}","templated":true}]}}