{"id":1352,"date":"2025-11-18T18:13:53","date_gmt":"2025-11-18T18:13:53","guid":{"rendered":"https:\/\/www.amssa.mr\/?p=1352"},"modified":"2025-11-18T18:13:53","modified_gmt":"2025-11-18T18:13:53","slug":"lancement-dune-session-de-formation-sur-lethique-professionnelle-et-la-discipline-administrative-au-profit-des-employes-de-lagence-mauritanienne-de-securite-sanitaire-des-al","status":"publish","type":"post","link":"https:\/\/www.amssa.mr\/?p=1352","title":{"rendered":"Lancement d\u2019une session de formation sur l\u2019\u00e9thique professionnelle et la discipline administrative au profit des employ\u00e9s de l\u2019Agence Mauritanienne de S\u00e9curit\u00e9 Sanitaire des Aliments"},"content":{"rendered":"<p data-start=\"305\" data-end=\"748\">Les travaux d\u2019une session de formation d\u00e9di\u00e9e \u00e0 <strong data-start=\"353\" data-end=\"416\">l\u2019\u00e9thique professionnelle et \u00e0 la discipline administrative<\/strong> ont d\u00e9marr\u00e9 aujourd\u2019hui au si\u00e8ge de <strong data-start=\"453\" data-end=\"522\">l\u2019Agence Mauritanienne de S\u00e9curit\u00e9 Sanitaire des Aliments (AMSSA)<\/strong>. Cette session s\u2019adresse \u00e0 l\u2019ensemble des employ\u00e9s de l\u2019Agence, toutes cat\u00e9gories confondues, dans le cadre d\u2019un programme global visant \u00e0 renforcer les comp\u00e9tences du personnel et \u00e0 am\u00e9liorer la performance institutionnelle.<\/p>\n<p data-start=\"750\" data-end=\"996\">La <strong data-start=\"753\" data-end=\"773\">premi\u00e8re journ\u00e9e<\/strong> de cette formation a \u00e9t\u00e9 consacr\u00e9e au personnel de soutien et aux \u00e9quipes de terrain, suivant une approche progressive permettant l\u2019implication de tous les cadres techniques et administratifs au cours des journ\u00e9es pr\u00e9vues.<\/p>\n<p data-start=\"998\" data-end=\"1262\">La formation se d\u00e9roule sur <strong data-start=\"1026\" data-end=\"1041\">trois jours<\/strong>, du <strong data-start=\"1046\" data-end=\"1072\">18 au 20 novembre 2025<\/strong>, sous la supervision de <strong data-start=\"1097\" data-end=\"1121\">M. Sidi Ould Sakeda<\/strong>, expert en ressources humaines, qui anime une s\u00e9rie de pr\u00e9sentations et de conf\u00e9rences portant sur des th\u00e9matiques essentielles, notamment :<\/p>\n<ul data-start=\"1264\" data-end=\"1544\">\n<li data-start=\"1264\" data-end=\"1321\">\n<p data-start=\"1266\" data-end=\"1321\">les principes et valeurs de l\u2019\u00e9thique professionnelle<\/p>\n<\/li>\n<li data-start=\"1322\" data-end=\"1387\">\n<p data-start=\"1324\" data-end=\"1387\">la discipline et l\u2019engagement dans l\u2019environnement de travail<\/p>\n<\/li>\n<li data-start=\"1388\" data-end=\"1457\">\n<p data-start=\"1390\" data-end=\"1457\">les r\u00e8gles de conduite et de comportement en milieu professionnel<\/p>\n<\/li>\n<li data-start=\"1458\" data-end=\"1544\">\n<p data-start=\"1460\" data-end=\"1544\">le renforcement du sens de responsabilit\u00e9 et la promotion de la culture de qualit\u00e9<\/p>\n<\/li>\n<\/ul>\n<p data-start=\"1546\" data-end=\"1846\">Cette session vise \u00e0 promouvoir une culture institutionnelle bas\u00e9e sur la discipline, le professionnalisme et l\u2019engagement, contribuant ainsi \u00e0 l\u2019am\u00e9lioration du syst\u00e8me national de s\u00e9curit\u00e9 sanitaire des aliments et au renforcement du r\u00f4le de l\u2019Agence dans la protection de la sant\u00e9 du consommateur.<\/p>\n<p data-start=\"1848\" data-end=\"2165\">Cette initiative s\u2019inscrit dans une <strong data-start=\"1884\" data-end=\"1906\">vision strat\u00e9gique<\/strong> adopt\u00e9e par l\u2019Agence, ax\u00e9e sur le d\u00e9veloppement et la valorisation de ses ressources humaines, consid\u00e9r\u00e9es comme un levier essentiel pour l\u2019atteinte de ses objectifs et pour l\u2019am\u00e9lioration continue des services fournis \u00e0 travers l\u2019ensemble de ses structures.<\/p>\n","protected":false},"excerpt":{"rendered":"<p>Les travaux d\u2019une session de formation d\u00e9di\u00e9e \u00e0 l\u2019\u00e9thique professionnelle et \u00e0 la discipline administrative ont d\u00e9marr\u00e9 aujourd\u2019hui au si\u00e8ge de l\u2019Agence Mauritanienne de S\u00e9curit\u00e9 Sanitaire des Aliments (AMSSA). Cette&hellip; <\/p>\n","protected":false},"author":3,"featured_media":1353,"comment_status":"open","ping_status":"open","sticky":false,"template":"","format":"standard","meta":{"footnotes":""},"categories":[5],"tags":[],"class_list":["post-1352","post","type-post","status-publish","format-standard","has-post-thumbnail","hentry","category-actualites"],"_links":{"self":[{"href":"https:\/\/www.amssa.mr\/index.php?rest_route=\/wp\/v2\/posts\/1352","targetHints":{"allow":["GET"]}}],"collection":[{"href":"https:\/\/www.amssa.mr\/index.php?rest_route=\/wp\/v2\/posts"}],"about":[{"href":"https:\/\/www.amssa.mr\/index.php?rest_route=\/wp\/v2\/types\/post"}],"author":[{"embeddable":true,"href":"https:\/\/www.amssa.mr\/index.php?rest_route=\/wp\/v2\/users\/3"}],"replies":[{"embeddable":true,"href":"https:\/\/www.amssa.mr\/index.php?rest_route=%2Fwp%2Fv2%2Fcomments&post=1352"}],"version-history":[{"count":1,"href":"https:\/\/www.amssa.mr\/index.php?rest_route=\/wp\/v2\/posts\/1352\/revisions"}],"predecessor-version":[{"id":1354,"href":"https:\/\/www.amssa.mr\/index.php?rest_route=\/wp\/v2\/posts\/1352\/revisions\/1354"}],"wp:featuredmedia":[{"embeddable":true,"href":"https:\/\/www.amssa.mr\/index.php?rest_route=\/wp\/v2\/media\/1353"}],"wp:attachment":[{"href":"https:\/\/www.amssa.mr\/index.php?rest_route=%2Fwp%2Fv2%2Fmedia&parent=1352"}],"wp:term":[{"taxonomy":"category","embeddable":true,"href":"https:\/\/www.amssa.mr\/index.php?rest_route=%2Fwp%2Fv2%2Fcategories&post=1352"},{"taxonomy":"post_tag","embeddable":true,"href":"https:\/\/www.amssa.mr\/index.php?rest_route=%2Fwp%2Fv2%2Ftags&post=1352"}],"curies":[{"name":"wp","href":"https:\/\/api.w.org\/{rel}","templated":true}]}}