{"id":1101,"date":"2025-07-16T10:58:44","date_gmt":"2025-07-16T10:58:44","guid":{"rendered":"https:\/\/www.amssa.mr\/?p=1101"},"modified":"2025-07-16T10:58:44","modified_gmt":"2025-07-16T10:58:44","slug":"visite-dune-delegation-du-programme-alimentaire-mondial-pam-a-lagence-mauritanienne-de-securite-sanitaire-des-aliments","status":"publish","type":"post","link":"https:\/\/www.amssa.mr\/?p=1101","title":{"rendered":"Visite d&rsquo;une d\u00e9l\u00e9gation du Programme Alimentaire Mondial (PAM) \u00e0 l&rsquo;Agence Mauritanienne de S\u00e9curit\u00e9 Sanitaire des Aliments"},"content":{"rendered":"<p data-start=\"164\" data-end=\"545\">L\u2019<strong data-start=\"166\" data-end=\"233\">Agence Mauritanienne de S\u00e9curit\u00e9 Sanitaire des Aliments (AMSSA)<\/strong> a accueilli une d\u00e9l\u00e9gation du <strong data-start=\"264\" data-end=\"303\">Programme Alimentaire Mondial (PAM)<\/strong>, une agence humanitaire phare des Nations Unies engag\u00e9e dans la lutte contre la faim. Cette rencontre vise \u00e0 renforcer les partenariats strat\u00e9giques et \u00e0 d\u00e9velopper la coop\u00e9ration internationale en mati\u00e8re de s\u00e9curit\u00e9 sanitaire des aliments.<\/p>\n<p data-start=\"547\" data-end=\"994\">Les \u00e9changes ont port\u00e9 sur plusieurs axes essentiels, notamment la coordination des efforts pour pr\u00e9venir les risques sanitaires li\u00e9s \u00e0 l\u2019alimentation, l\u2019harmonisation des proc\u00e9dures de contr\u00f4le et de tra\u00e7abilit\u00e9, ainsi que le soutien technique et logistique aux inspections sur le terrain. Les deux parties ont \u00e9galement discut\u00e9 du d\u00e9veloppement de programmes conjoints de sensibilisation destin\u00e9s aux diff\u00e9rents acteurs de la cha\u00eene alimentaire.<\/p>\n<p data-start=\"996\" data-end=\"1242\">Cette visite a constitu\u00e9 une occasion pr\u00e9cieuse pour poser les bases d\u2019une coop\u00e9ration durable, fond\u00e9e sur une vision commune : garantir un acc\u00e8s \u00e9quitable \u00e0 une alimentation saine, de qualit\u00e9 et conforme aux standards internationaux de s\u00e9curit\u00e9.<\/p>\n<p data-start=\"1244\" data-end=\"1524\">L\u2019AMSSA a r\u00e9affirm\u00e9 son engagement \u00e0 \u0153uvrer en synergie avec ses partenaires techniques et institutionnels, dans le cadre des Objectifs de D\u00e9veloppement Durable (ODD), notamment ceux li\u00e9s \u00e0 la sant\u00e9 publique, \u00e0 la s\u00e9curit\u00e9 alimentaire et \u00e0 la r\u00e9silience des syst\u00e8mes alimentaires.<\/p>\n<p data-start=\"1526\" data-end=\"1767\">L\u2019Agence se r\u00e9jouit de cette collaboration fructueuse et reste pleinement mobilis\u00e9e pour approfondir ses \u00e9changes avec le PAM, au b\u00e9n\u00e9fice de la s\u00e9curit\u00e9 sanitaire des aliments en Mauritanie et de la protection de la sant\u00e9 des consommateurs.<\/p>\n<p data-start=\"1526\" data-end=\"1767\">\n<p data-start=\"1526\" data-end=\"1767\">\n<p data-start=\"1526\" data-end=\"1767\"><img fetchpriority=\"high\" decoding=\"async\" class=\"alignnone size-medium wp-image-1103\" src=\"https:\/\/www.amssa.mr\/wp-content\/uploads\/2025\/07\/photo-pam2-300x225.jpg\" alt=\"\" width=\"300\" height=\"225\" srcset=\"https:\/\/www.amssa.mr\/wp-content\/uploads\/2025\/07\/photo-pam2-300x225.jpg 300w, https:\/\/www.amssa.mr\/wp-content\/uploads\/2025\/07\/photo-pam2-1024x768.jpg 1024w, https:\/\/www.amssa.mr\/wp-content\/uploads\/2025\/07\/photo-pam2-768x576.jpg 768w, https:\/\/www.amssa.mr\/wp-content\/uploads\/2025\/07\/photo-pam2-1536x1152.jpg 1536w, https:\/\/www.amssa.mr\/wp-content\/uploads\/2025\/07\/photo-pam2.jpg 2048w\" sizes=\"(max-width: 300px) 100vw, 300px\" \/><img decoding=\"async\" class=\"alignnone size-medium wp-image-1105\" src=\"https:\/\/www.amssa.mr\/wp-content\/uploads\/2025\/07\/photo-pam4-300x132.jpg\" alt=\"\" width=\"300\" height=\"132\" srcset=\"https:\/\/www.amssa.mr\/wp-content\/uploads\/2025\/07\/photo-pam4-300x132.jpg 300w, https:\/\/www.amssa.mr\/wp-content\/uploads\/2025\/07\/photo-pam4-1024x452.jpg 1024w, https:\/\/www.amssa.mr\/wp-content\/uploads\/2025\/07\/photo-pam4-768x339.jpg 768w, https:\/\/www.amssa.mr\/wp-content\/uploads\/2025\/07\/photo-pam4.jpg 1450w\" sizes=\"(max-width: 300px) 100vw, 300px\" \/><\/p>\n","protected":false},"excerpt":{"rendered":"<p>L\u2019Agence Mauritanienne de S\u00e9curit\u00e9 Sanitaire des Aliments (AMSSA) a accueilli une d\u00e9l\u00e9gation du Programme Alimentaire Mondial (PAM), une agence humanitaire phare des Nations Unies engag\u00e9e dans la lutte contre la&hellip; <\/p>\n","protected":false},"author":3,"featured_media":1105,"comment_status":"open","ping_status":"open","sticky":false,"template":"","format":"standard","meta":{"footnotes":""},"categories":[5],"tags":[],"class_list":["post-1101","post","type-post","status-publish","format-standard","has-post-thumbnail","hentry","category-actualites"],"_links":{"self":[{"href":"https:\/\/www.amssa.mr\/index.php?rest_route=\/wp\/v2\/posts\/1101","targetHints":{"allow":["GET"]}}],"collection":[{"href":"https:\/\/www.amssa.mr\/index.php?rest_route=\/wp\/v2\/posts"}],"about":[{"href":"https:\/\/www.amssa.mr\/index.php?rest_route=\/wp\/v2\/types\/post"}],"author":[{"embeddable":true,"href":"https:\/\/www.amssa.mr\/index.php?rest_route=\/wp\/v2\/users\/3"}],"replies":[{"embeddable":true,"href":"https:\/\/www.amssa.mr\/index.php?rest_route=%2Fwp%2Fv2%2Fcomments&post=1101"}],"version-history":[{"count":1,"href":"https:\/\/www.amssa.mr\/index.php?rest_route=\/wp\/v2\/posts\/1101\/revisions"}],"predecessor-version":[{"id":1106,"href":"https:\/\/www.amssa.mr\/index.php?rest_route=\/wp\/v2\/posts\/1101\/revisions\/1106"}],"wp:featuredmedia":[{"embeddable":true,"href":"https:\/\/www.amssa.mr\/index.php?rest_route=\/wp\/v2\/media\/1105"}],"wp:attachment":[{"href":"https:\/\/www.amssa.mr\/index.php?rest_route=%2Fwp%2Fv2%2Fmedia&parent=1101"}],"wp:term":[{"taxonomy":"category","embeddable":true,"href":"https:\/\/www.amssa.mr\/index.php?rest_route=%2Fwp%2Fv2%2Fcategories&post=1101"},{"taxonomy":"post_tag","embeddable":true,"href":"https:\/\/www.amssa.mr\/index.php?rest_route=%2Fwp%2Fv2%2Ftags&post=1101"}],"curies":[{"name":"wp","href":"https:\/\/api.w.org\/{rel}","templated":true}]}}