{"id":1030,"date":"2025-06-07T21:01:17","date_gmt":"2025-06-07T21:01:17","guid":{"rendered":"https:\/\/www.amssa.mr\/?p=1030"},"modified":"2025-06-10T23:25:35","modified_gmt":"2025-06-10T23:25:35","slug":"visite-du-president-de-la-conference-europe-afrique-du-nord","status":"publish","type":"post","link":"https:\/\/www.amssa.mr\/?p=1030","title":{"rendered":"Visite du Pr\u00e9sident de la Conf\u00e9rence Europe \u2013 Afrique du Nord"},"content":{"rendered":"<p>Dans un geste de reconnaissance refl\u00e9tant la reconnaissance internationale des efforts de la Mauritanie dans le domaine de la s\u00e9curit\u00e9 sanitaire des aliments, le Pr\u00e9sident de la Conf\u00e9rence Europe \u2013 Afrique du Nord a effectu\u00e9 aujourd&rsquo;hui une visite sp\u00e9ciale au si\u00e8ge de l\u2019Agence Mauritanienne de S\u00e9curit\u00e9 Sanitaire des Aliments, o\u00f9 il a remis au Directeur G\u00e9n\u00e9ral, M. Mohamed El Hassen BRAIKA, un troph\u00e9e honorifique ainsi qu\u2019un certificat de participation, en reconnaissance de sa contribution remarquable aux travaux de la 20\u1d49 \u00e9dition de la conf\u00e9rence tenue r\u00e9cemment dans la capitale fran\u00e7aise, Paris.<\/p>\n<p>Cette distinction illustre le r\u00f4le pionnier de l&rsquo;Agence \u00e0 l\u2019\u00e9chelle r\u00e9gionale et internationale, et renforce son engagement constant au service de la s\u00e9curit\u00e9 alimentaire et de la sant\u00e9 publique.<\/p>\n<p><img fetchpriority=\"high\" decoding=\"async\" class=\"alignnone size-medium wp-image-1037\" src=\"https:\/\/www.amssa.mr\/wp-content\/uploads\/2025\/06\/WhatsApp-Image-2025-06-10-at-15.47.17-300x225.jpeg\" alt=\"\" width=\"300\" height=\"225\" srcset=\"https:\/\/www.amssa.mr\/wp-content\/uploads\/2025\/06\/WhatsApp-Image-2025-06-10-at-15.47.17-300x225.jpeg 300w, https:\/\/www.amssa.mr\/wp-content\/uploads\/2025\/06\/WhatsApp-Image-2025-06-10-at-15.47.17-1024x768.jpeg 1024w, https:\/\/www.amssa.mr\/wp-content\/uploads\/2025\/06\/WhatsApp-Image-2025-06-10-at-15.47.17-768x576.jpeg 768w, https:\/\/www.amssa.mr\/wp-content\/uploads\/2025\/06\/WhatsApp-Image-2025-06-10-at-15.47.17.jpeg 1280w\" sizes=\"(max-width: 300px) 100vw, 300px\" \/><\/p>\n","protected":false},"excerpt":{"rendered":"<p>Dans un geste de reconnaissance refl\u00e9tant la reconnaissance internationale des efforts de la Mauritanie dans le domaine de la s\u00e9curit\u00e9 sanitaire des aliments, le Pr\u00e9sident de la Conf\u00e9rence Europe \u2013&hellip; <\/p>\n","protected":false},"author":1,"featured_media":1037,"comment_status":"open","ping_status":"open","sticky":false,"template":"","format":"standard","meta":{"footnotes":""},"categories":[5],"tags":[],"class_list":["post-1030","post","type-post","status-publish","format-standard","has-post-thumbnail","hentry","category-actualites"],"_links":{"self":[{"href":"https:\/\/www.amssa.mr\/index.php?rest_route=\/wp\/v2\/posts\/1030","targetHints":{"allow":["GET"]}}],"collection":[{"href":"https:\/\/www.amssa.mr\/index.php?rest_route=\/wp\/v2\/posts"}],"about":[{"href":"https:\/\/www.amssa.mr\/index.php?rest_route=\/wp\/v2\/types\/post"}],"author":[{"embeddable":true,"href":"https:\/\/www.amssa.mr\/index.php?rest_route=\/wp\/v2\/users\/1"}],"replies":[{"embeddable":true,"href":"https:\/\/www.amssa.mr\/index.php?rest_route=%2Fwp%2Fv2%2Fcomments&post=1030"}],"version-history":[{"count":5,"href":"https:\/\/www.amssa.mr\/index.php?rest_route=\/wp\/v2\/posts\/1030\/revisions"}],"predecessor-version":[{"id":1038,"href":"https:\/\/www.amssa.mr\/index.php?rest_route=\/wp\/v2\/posts\/1030\/revisions\/1038"}],"wp:featuredmedia":[{"embeddable":true,"href":"https:\/\/www.amssa.mr\/index.php?rest_route=\/wp\/v2\/media\/1037"}],"wp:attachment":[{"href":"https:\/\/www.amssa.mr\/index.php?rest_route=%2Fwp%2Fv2%2Fmedia&parent=1030"}],"wp:term":[{"taxonomy":"category","embeddable":true,"href":"https:\/\/www.amssa.mr\/index.php?rest_route=%2Fwp%2Fv2%2Fcategories&post=1030"},{"taxonomy":"post_tag","embeddable":true,"href":"https:\/\/www.amssa.mr\/index.php?rest_route=%2Fwp%2Fv2%2Ftags&post=1030"}],"curies":[{"name":"wp","href":"https:\/\/api.w.org\/{rel}","templated":true}]}}